{"id":2647,"date":"2022-08-19T12:28:11","date_gmt":"2022-08-19T10:28:11","guid":{"rendered":"https:\/\/archiv.worldmusicfestival.sk\/?p=2647"},"modified":"2022-08-19T12:28:11","modified_gmt":"2022-08-19T10:28:11","slug":"tohtorocna-konferencia-bude-aj-online","status":"publish","type":"post","link":"https:\/\/archiv.worldmusicfestival.sk\/en\/tohtorocna-konferencia-bude-aj-online\/","title":{"rendered":"This year&#8217;s conference will have an online streaming!"},"content":{"rendered":"<p><\/p>\n<div class=\"m8h3af8h l7ghb35v kjdc1dyq kmwttqpk gh25dzvf n3t5jt4f\">\n<h3>Tomorrow, August 20, at 10:00 a.m., the International Conference will take place in Teatro Colorato, and it will also be STREAMED!<\/h3>\n<h4><a href=\"https:\/\/www.facebook.com\/events\/1634316363629233?ref=newsfeed\">Streaming link here<\/a><\/h4>\n<h4>IF YOU CAN&#8217;T ATTEND THE CONFERENCE LIVE, THIS EVENT WILL FIND A LINK TO THE STREAM AND LATER TO A SLI DO CODE TO ASK QUESTIONS IN REAL TIME!<\/h4>\n<ul>\n<li>Slovak musicians Jergu\u0161 Oravec, Ildik\u00f3 Kali, Peter Luha, Luk\u00e1\u0161 Bulko, Nikolaj Nikitin and Slnko Records representative Alex \u010cerevka will take part in the panel discussion.<\/li>\n<li>International delegates Eric Van Mochkoven and Duncan Ballantyne will follow with their presentations.<\/li>\n<li>Finally, Duncan Ballantyne will lead a workshop for Slovak musicians about their needs and goals in the international market.<a href=\"https:\/\/archiv.worldmusicfestival.sk\/konferencia\/\">More info about the conference and registration for WS here.\u00a0<\/a><\/li>\n<\/ul>\n<\/div>\n<div class=\"l7ghb35v kjdc1dyq kmwttqpk gh25dzvf jikcssrz n3t5jt4f\">\n<div dir=\"auto\"><\/div>\n<\/div>\n<p><\/p>","protected":false},"excerpt":{"rendered":"<p>Tomorrow, August 20, at 10:00 a.m., the International Conference will take place in Teatro Colorato, and it will also be STREAMED! Streaming link here IF YOU CAN&#8217;T ATTEND THE CONFERENCE LIVE, THIS EVENT WILL FIND A LINK TO THE STREAM AND LATER TO A SLI DO CODE TO ASK QUESTIONS IN REAL TIME! Slovak musicians [&hellip;]<\/p>\n","protected":false},"author":5,"featured_media":2420,"comment_status":"closed","ping_status":"closed","sticky":false,"template":"","format":"standard","meta":[],"categories":[1],"tags":[],"_links":{"self":[{"href":"https:\/\/archiv.worldmusicfestival.sk\/en\/wp-json\/wp\/v2\/posts\/2647"}],"collection":[{"href":"https:\/\/archiv.worldmusicfestival.sk\/en\/wp-json\/wp\/v2\/posts"}],"about":[{"href":"https:\/\/archiv.worldmusicfestival.sk\/en\/wp-json\/wp\/v2\/types\/post"}],"author":[{"embeddable":true,"href":"https:\/\/archiv.worldmusicfestival.sk\/en\/wp-json\/wp\/v2\/users\/5"}],"replies":[{"embeddable":true,"href":"https:\/\/archiv.worldmusicfestival.sk\/en\/wp-json\/wp\/v2\/comments?post=2647"}],"version-history":[{"count":6,"href":"https:\/\/archiv.worldmusicfestival.sk\/en\/wp-json\/wp\/v2\/posts\/2647\/revisions"}],"predecessor-version":[{"id":2653,"href":"https:\/\/archiv.worldmusicfestival.sk\/en\/wp-json\/wp\/v2\/posts\/2647\/revisions\/2653"}],"wp:featuredmedia":[{"embeddable":true,"href":"https:\/\/archiv.worldmusicfestival.sk\/en\/wp-json\/wp\/v2\/media\/2420"}],"wp:attachment":[{"href":"https:\/\/archiv.worldmusicfestival.sk\/en\/wp-json\/wp\/v2\/media?parent=2647"}],"wp:term":[{"taxonomy":"category","embeddable":true,"href":"https:\/\/archiv.worldmusicfestival.sk\/en\/wp-json\/wp\/v2\/categories?post=2647"},{"taxonomy":"post_tag","embeddable":true,"href":"https:\/\/archiv.worldmusicfestival.sk\/en\/wp-json\/wp\/v2\/tags?post=2647"}],"curies":[{"name":"wp","href":"https:\/\/api.w.org\/{rel}","templated":true}]}}