{"id":2382,"date":"2022-06-27T19:33:27","date_gmt":"2022-06-27T17:33:27","guid":{"rendered":"https:\/\/archiv.worldmusicfestival.sk\/?p=2382"},"modified":"2022-06-27T19:33:27","modified_gmt":"2022-06-27T17:33:27","slug":"ildiko-kali","status":"publish","type":"post","link":"https:\/\/archiv.worldmusicfestival.sk\/en\/ildiko-kali\/","title":{"rendered":"ILDIK\u00d3 KALI"},"content":{"rendered":"<p>Ildik\u00f3 Kali<span style=\"font-weight: 400;\"> and her singing are recognizable from the very first moment. She displays a variety of colours and expressions. The singer and musician from Trnava released four albums with the band Romanika from 2004 to 2014 (Svetlo a tiene, Vl\u010die balady, Milenka v\u0161etk\u00fdch a V hlbin\u00e1ch). Later she started to perform under the pseudonym Ildik\u00f3 Kali. After the album La Loba was released in 2018, she chose a new unbeaten path and recorded an experimental album with the poetry of J\u00e1n Botto, a Slovak romantic poet (19th century), set to music. Thanks to modern compositions, the old ballads and legends were given a contemporary dimension and it turns out that even these words still have something to say. The result is the album Zlat\u00e1 panna (Golden Maiden), which was nominated for the Radio_Head Award in the category of World Music\/Folk for the year 2021. Its songs are ranked on world charts and successfully represent the Slovak world music scene. The album was given 4 stars out of 5 at the international music server Roots Music Report. At the World Music Festival Bratislava, Ildik\u00f3 Kali will introduce the album Zlat\u00e1 panna in cooperation with guitarist and multi-instrumentalist Peter Luha.\u00a0<\/span><\/p>\n<p><span style=\"font-weight: 400;\">Albums:<\/span><\/p>\n<p><span style=\"font-weight: 400;\"><a href=\"https:\/\/open.spotify.com\/album\/2uHl4wW5JAS5KGNoT0jpNY\">Ildik\u00f3 Kali &amp; Romanika \u2013 La Loba (Pavian Records, 2018)<\/a>\u00a0<\/span><\/p>\n<p><a href=\"https:\/\/open.spotify.com\/artist\/1SdtclcKNafJ0SUqH8fWzH\"><span style=\"font-weight: 400;\">Ildik\u00f3 Kali \u2013 Zlat\u00e1 panna (self-released, 2021)\u00a0<\/span><\/a><\/p>\n<p><span style=\"font-weight: 400;\">Line-up:<\/span><\/p>\n<p><span style=\"font-weight: 400;\">Ildik\u00f3 Kali \u2013 lead vocals, guitar, ukulele, looper, percussion<\/span><\/p>\n<p><span style=\"font-weight: 400;\">Peter Luha \u2013 guitar, looper, whistle<\/span><\/p>\n<p>&nbsp;<\/p>","protected":false},"excerpt":{"rendered":"<p>Ildik\u00f3 Kali and her singing are recognizable from the very first moment. She displays a variety of colours and expressions. The singer and musician from Trnava released four albums with the band Romanika from 2004 to 2014 (Svetlo a tiene, Vl\u010die balady, Milenka v\u0161etk\u00fdch a V hlbin\u00e1ch). Later she started to perform under the pseudonym [&hellip;]<\/p>\n","protected":false},"author":5,"featured_media":2383,"comment_status":"closed","ping_status":"closed","sticky":false,"template":"interpreti-single-post.php","format":"standard","meta":[],"categories":[37],"tags":[],"_links":{"self":[{"href":"https:\/\/archiv.worldmusicfestival.sk\/en\/wp-json\/wp\/v2\/posts\/2382"}],"collection":[{"href":"https:\/\/archiv.worldmusicfestival.sk\/en\/wp-json\/wp\/v2\/posts"}],"about":[{"href":"https:\/\/archiv.worldmusicfestival.sk\/en\/wp-json\/wp\/v2\/types\/post"}],"author":[{"embeddable":true,"href":"https:\/\/archiv.worldmusicfestival.sk\/en\/wp-json\/wp\/v2\/users\/5"}],"replies":[{"embeddable":true,"href":"https:\/\/archiv.worldmusicfestival.sk\/en\/wp-json\/wp\/v2\/comments?post=2382"}],"version-history":[{"count":2,"href":"https:\/\/archiv.worldmusicfestival.sk\/en\/wp-json\/wp\/v2\/posts\/2382\/revisions"}],"predecessor-version":[{"id":2386,"href":"https:\/\/archiv.worldmusicfestival.sk\/en\/wp-json\/wp\/v2\/posts\/2382\/revisions\/2386"}],"wp:featuredmedia":[{"embeddable":true,"href":"https:\/\/archiv.worldmusicfestival.sk\/en\/wp-json\/wp\/v2\/media\/2383"}],"wp:attachment":[{"href":"https:\/\/archiv.worldmusicfestival.sk\/en\/wp-json\/wp\/v2\/media?parent=2382"}],"wp:term":[{"taxonomy":"category","embeddable":true,"href":"https:\/\/archiv.worldmusicfestival.sk\/en\/wp-json\/wp\/v2\/categories?post=2382"},{"taxonomy":"post_tag","embeddable":true,"href":"https:\/\/archiv.worldmusicfestival.sk\/en\/wp-json\/wp\/v2\/tags?post=2382"}],"curies":[{"name":"wp","href":"https:\/\/api.w.org\/{rel}","templated":true}]}}