{"id":1741,"date":"2020-08-23T16:35:08","date_gmt":"2020-08-23T14:35:08","guid":{"rendered":"https:\/\/archiv.worldmusicfestival.sk\/?p=1741"},"modified":"2020-09-02T14:50:43","modified_gmt":"2020-09-02T12:50:43","slug":"wmfb-2020","status":"publish","type":"post","link":"https:\/\/archiv.worldmusicfestival.sk\/en\/wmfb-2020\/","title":{"rendered":"WMFB 2020"},"content":{"rendered":"<p>Check out the latest video invitation to the World Music Festival Bratislava<\/p>\n<p><iframe loading=\"lazy\" title=\"Videopozv\u00e1nka WMFB 2020\" width=\"730\" height=\"411\" src=\"https:\/\/www.youtube.com\/embed\/R4Ei2KhAnTo?feature=oembed\" frameborder=\"0\" allow=\"accelerometer; autoplay; encrypted-media; gyroscope; picture-in-picture\" allowfullscreen><\/iframe><\/p>\n<p>V- KLUB, N\u00e1m.SNP<br \/>\n<strong>25. sept. \/<\/strong><br \/>\nKotl\u00e1r &#8211; Ragan Jr. &#8211; Kuruc Trio (SK)<br \/>\nMartin Gei\u0161berg &amp; Balkansambel (SK)<br \/>\nIva Bittov\u00e1 (CZ,US) &amp; Paolo Angeli (I)<\/p>\n<p><strong>26.sept. \/<\/strong><br \/>\nMehehe (PL)<br \/>\nEniesa &amp;PJ\u00b4s LAB &amp; Franta \u010cern\u00fd (SK,CZ)<br \/>\nPavol Bodn\u00e1r Band (SK)<\/p>\n<p><strong>27.sept. \/<\/strong><br \/>\nSvetoz\u00e1r Stra\u010dina (dokument\u00e1rny film, r\u00e9\u017eia: P. Barab\u00e1\u0161)<\/p>\n<p>&nbsp;<\/p>","protected":false},"excerpt":{"rendered":"<p>Check out the latest video invitation to the World Music Festival Bratislava V- KLUB, N\u00e1m.SNP 25. sept. \/ Kotl\u00e1r &#8211; Ragan Jr. &#8211; Kuruc Trio (SK) Martin Gei\u0161berg &amp; Balkansambel (SK) Iva Bittov\u00e1 (CZ,US) &amp; Paolo Angeli (I) 26.sept. \/ Mehehe (PL) Eniesa &amp;PJ\u00b4s LAB &amp; Franta \u010cern\u00fd (SK,CZ) Pavol Bodn\u00e1r Band (SK) 27.sept. \/ [&hellip;]<\/p>\n","protected":false},"author":1,"featured_media":723,"comment_status":"closed","ping_status":"closed","sticky":false,"template":"","format":"standard","meta":[],"categories":[1],"tags":[],"_links":{"self":[{"href":"https:\/\/archiv.worldmusicfestival.sk\/en\/wp-json\/wp\/v2\/posts\/1741"}],"collection":[{"href":"https:\/\/archiv.worldmusicfestival.sk\/en\/wp-json\/wp\/v2\/posts"}],"about":[{"href":"https:\/\/archiv.worldmusicfestival.sk\/en\/wp-json\/wp\/v2\/types\/post"}],"author":[{"embeddable":true,"href":"https:\/\/archiv.worldmusicfestival.sk\/en\/wp-json\/wp\/v2\/users\/1"}],"replies":[{"embeddable":true,"href":"https:\/\/archiv.worldmusicfestival.sk\/en\/wp-json\/wp\/v2\/comments?post=1741"}],"version-history":[{"count":1,"href":"https:\/\/archiv.worldmusicfestival.sk\/en\/wp-json\/wp\/v2\/posts\/1741\/revisions"}],"predecessor-version":[{"id":1810,"href":"https:\/\/archiv.worldmusicfestival.sk\/en\/wp-json\/wp\/v2\/posts\/1741\/revisions\/1810"}],"wp:featuredmedia":[{"embeddable":true,"href":"https:\/\/archiv.worldmusicfestival.sk\/en\/wp-json\/wp\/v2\/media\/723"}],"wp:attachment":[{"href":"https:\/\/archiv.worldmusicfestival.sk\/en\/wp-json\/wp\/v2\/media?parent=1741"}],"wp:term":[{"taxonomy":"category","embeddable":true,"href":"https:\/\/archiv.worldmusicfestival.sk\/en\/wp-json\/wp\/v2\/categories?post=1741"},{"taxonomy":"post_tag","embeddable":true,"href":"https:\/\/archiv.worldmusicfestival.sk\/en\/wp-json\/wp\/v2\/tags?post=1741"}],"curies":[{"name":"wp","href":"https:\/\/api.w.org\/{rel}","templated":true}]}}