{"id":1647,"date":"2020-01-08T07:25:18","date_gmt":"2020-01-08T06:25:18","guid":{"rendered":"https:\/\/archiv.worldmusicfestival.sk\/?p=1647"},"modified":"2020-08-23T16:17:49","modified_gmt":"2020-08-23T14:17:49","slug":"pokosovci-boduju-v-europskom-hudobnom-rebricku","status":"publish","type":"post","link":"https:\/\/archiv.worldmusicfestival.sk\/en\/pokosovci-boduju-v-europskom-hudobnom-rebricku\/","title":{"rendered":"(Sloven\u010dina) Poko\u0161ovci boduj\u00fa v\u00a0eur\u00f3pskom hudobnom rebr\u00ed\u010dku"},"content":{"rendered":"<p class=\"qtranxs-available-languages-message qtranxs-available-languages-message-en\">Sorry, this entry is only available in <a href=\"https:\/\/archiv.worldmusicfestival.sk\/sk\/wp-json\/wp\/v2\/posts\/1647\" class=\"qtranxs-available-language-link qtranxs-available-language-link-sk\" title=\"Sloven\u010dina\">Slovak<\/a>.<\/p>","protected":false},"excerpt":{"rendered":"<p>Sorry, this entry is only available in Slovak.<\/p>\n","protected":false},"author":3,"featured_media":1544,"comment_status":"closed","ping_status":"closed","sticky":false,"template":"","format":"standard","meta":[],"categories":[1],"tags":[],"_links":{"self":[{"href":"https:\/\/archiv.worldmusicfestival.sk\/en\/wp-json\/wp\/v2\/posts\/1647"}],"collection":[{"href":"https:\/\/archiv.worldmusicfestival.sk\/en\/wp-json\/wp\/v2\/posts"}],"about":[{"href":"https:\/\/archiv.worldmusicfestival.sk\/en\/wp-json\/wp\/v2\/types\/post"}],"author":[{"embeddable":true,"href":"https:\/\/archiv.worldmusicfestival.sk\/en\/wp-json\/wp\/v2\/users\/3"}],"replies":[{"embeddable":true,"href":"https:\/\/archiv.worldmusicfestival.sk\/en\/wp-json\/wp\/v2\/comments?post=1647"}],"version-history":[{"count":0,"href":"https:\/\/archiv.worldmusicfestival.sk\/en\/wp-json\/wp\/v2\/posts\/1647\/revisions"}],"wp:featuredmedia":[{"embeddable":true,"href":"https:\/\/archiv.worldmusicfestival.sk\/en\/wp-json\/wp\/v2\/media\/1544"}],"wp:attachment":[{"href":"https:\/\/archiv.worldmusicfestival.sk\/en\/wp-json\/wp\/v2\/media?parent=1647"}],"wp:term":[{"taxonomy":"category","embeddable":true,"href":"https:\/\/archiv.worldmusicfestival.sk\/en\/wp-json\/wp\/v2\/categories?post=1647"},{"taxonomy":"post_tag","embeddable":true,"href":"https:\/\/archiv.worldmusicfestival.sk\/en\/wp-json\/wp\/v2\/tags?post=1647"}],"curies":[{"name":"wp","href":"https:\/\/api.w.org\/{rel}","templated":true}]}}